{"id":1314,"date":"2023-01-19T07:58:30","date_gmt":"2023-01-19T07:58:30","guid":{"rendered":"https:\/\/derpersonalist.com\/?p=1314"},"modified":"2023-01-19T07:58:30","modified_gmt":"2023-01-19T07:58:30","slug":"4-tage-woche-geht-nicht-gibts-nicht","status":"publish","type":"post","link":"https:\/\/derpersonalist.com\/en\/4-tage-woche-geht-nicht-gibts-nicht\/","title":{"rendered":"4-Tage-Woche: Geht nicht gibt\u2019s nicht!"},"content":{"rendered":"<p>Flexible Arbeitszeitmodelle \u2013 allen voran die 4-Tage-Woche \u2013 sind gefragt. Und sie funktionieren tats\u00e4chlich in jeder Branche. Auch in Ihrer!<\/p>\n<p>Wenn fr\u00fcher \u00fcber flexible Arbeitszeiten gesprochen wurde, wurde die Flexibilit\u00e4t vor allem von den Mitarbeitern verlangt. Sie sollten \u2013 unabh\u00e4ngig von ihrer Lebensrealit\u00e4t \u2013 jederzeit auf Abruf verf\u00fcgbar sein. In Zeiten des Fachkr\u00e4ftemangels m\u00fcssen allerdings auch die Arbeitgeber umdenken, wenn sie konkurrenzf\u00e4hig bleiben wollen.<\/p>\n<h2>Welche Vorteile bringt die 4-Tage-Woche?<\/h2>\n<p>W\u00e4hrend bei uns die 4-Tage-Woche von vielen skeptisch gesehen wird, wurde sie in anderen L\u00e4ndern bereits ausgiebig getestet. Mit \u00fcberraschenden Ergebnissen. Denn die Betriebe sind nicht zusammengebrochen \u2013 ganz im Gegenteil. Sie haben von diesem Arbeitszeitmodell genauso profitiert wie die Mitarbeiterinnen und Mitarbeiter.<\/p>\n<p>Eine <a href=\"https:\/\/www.wiwo.de\/erfolg\/beruf\/arbeitszeit-reduzieren-so-funktioniert-die-4-tage-woche-in-island\/27406908.html\" target=\"_blank\" rel=\"noopener\">5 Jahre dauernde Studie mit 2.500 Menschen in Island<\/a> zeigte, dass sowohl die Menschen als auch die Betriebe profitiert haben. Erstere durch den zus\u00e4tzlichen freien Tag, mehr Zufriedenheit und weniger Stress, letztere durch h\u00f6here Effizienz und weniger Krankenst\u00e4nde.<\/p>\n<h2>Arbeitszeit bei vollem Gehalt reduzieren \u2013 ja oder nein?<\/h2>\n<p>Die wichtigste Frage, die Sie sich stellen m\u00fcssen: Bezahlen Sie Ihre Mitarbeiter f\u00fcr die blo\u00dfe Anwesenheit oder geht es Ihnen um Ergebnisse und Leistung? Wenn nun Leistung und Effizienz bei der 4-Tage-Woche steigen, warum sollten Ihnen Ihre Leute dann weniger wert sein, wenn sie ihre Wochenarbeitszeit um 4 Stunden reduzieren und dennoch denselben oder sogar einen h\u00f6heren Output haben?<\/p>\n<p>Hand aufs Herz \u2013 die Zeiten, als es noch \u201eAnwesenheitsjobs\u201c gab, sind l\u00e4ngst vorbei. Selbst Menschen, die zum Beispiel am Empfang arbeiten, erf\u00fcllen zahlreiche administrative Aufgaben und m\u00fcssen voll konzentriert sein. Und nachdem der grantige Portier hoffentlich auch bei Ihnen l\u00e4ngst Geschichte ist, macht die 4-Tage-Woche bei vollem Lohnausgleich nicht nur Ihre Angestellten zufriedener, sondern in weiterer Folge auch Ihre Kundschaft. Denn die Betreuung wird sich dadurch deutlich verbessern.<\/p>\n<h2>Geht nicht gibt\u2019s nicht<\/h2>\n<p>M\u00f6glicherweise argumentieren Sie mit ihren betrieblichen Abl\u00e4ufen \u2013 wie soll der Schichtdienst funktionieren? Wie k\u00f6nnen Sie in Zeiten des Arbeitskr\u00e4ftemangels jedem einen zus\u00e4tzlichen freien Tag g\u00f6nnen? Das geht sich ja alles nicht aus!<\/p>\n<p>Wenn Sie so denken, z\u00e4umen Sie das Pferd wahrscheinlich von hinten auf. Denn betriebliche Abl\u00e4ufe kann man verbessern. Arbeitsschichten lassen sich ver\u00e4ndern. Und wenn Sie in Ihrem Unternehmen generell dieses Arbeitszeitmodell anbieten, werden Sie bald nicht mehr \u00fcber zu wenige Arbeitskr\u00e4fte klagen m\u00fcssen.<\/p>\n<h2>Was Sie bei der 4-Tage-Woche aus rechtlicher Sicht beachten m\u00fcssen<\/h2>\n<p>Im Handel, Metallgewerbe und auch im Baugewerbe ist die 4-Tage-Woche bereits kollektivvertraglich verankert. In allen anderen Branchen sind daf\u00fcr Betriebsvereinbarungen oder individuelle Vereinbarungen notwendig.<\/p>\n<p>Wenn Sie dazu Fragen haben, <a href=\"https:\/\/derpersonalist.com\/en\/contact\/\">melden Sie sich gerne bei uns<\/a> \u2013 wir unterst\u00fctzen Sie gerne dabei, Ihre betrieblichen Abl\u00e4ufe zu optimieren und alle rechtlichen und vertraglichen Fragen zu kl\u00e4ren. Und selbstverst\u00e4ndlich sind wir auch f\u00fcr Sie da, wenn Sie die optimalen Mitarbeiter f\u00fcr Ihren Betrieb suchen und auch behalten wollen!<\/p>\n<h2>Fazit<\/h2>\n<p>Alle Unternehmen, die sich auf die 4-Tage-Woche eingelassen haben, berichten positiv. Das Betriebsklima, die Effizienz und die Arbeitsmoral haben sich dadurch dauerhaft verbessert. Abgesehen davon, ist die Arbeitszeitreduktion auch sehr vorteilhaft f\u00fcr Kinder und Familienleben und nicht zuletzt f\u00fcr Umwelt und Klima \u2013 denn wer nur 4x in die Arbeit f\u00e4hrt verbraucht nat\u00fcrlich weniger Energie als jemand, der 5x f\u00e4hrt.<\/p>","protected":false},"excerpt":{"rendered":"<p>Flexible Arbeitszeitmodelle \u2013 allen voran die 4-Tage-Woche \u2013 sind gefragt. Und sie funktionieren tats\u00e4chlich in jeder Branche. Auch in Ihrer!<\/p>","protected":false},"author":2,"featured_media":1315,"comment_status":"closed","ping_status":"closed","sticky":false,"template":"","format":"standard","meta":{"_acf_changed":false,"footnotes":""},"categories":[1],"tags":[],"class_list":["post-1314","post","type-post","status-publish","format-standard","has-post-thumbnail","hentry","category-uncategorized"],"acf":[],"yoast_head":"<!-- This site is optimized with the Yoast SEO plugin v27.4 - https:\/\/yoast.com\/product\/yoast-seo-wordpress\/ -->\n<title>4-Tage-Woche: Geht nicht gibt\u2019s nicht! - Der Personalist<\/title>\n<meta name=\"description\" content=\"Flexible Arbeitszeitmodelle \u2013 allen voran die 4-Tage-Woche \u2013 sind gefragt. Und sie funktionieren tats\u00e4chlich in jeder Branche. Auch in Ihrer!\" \/>\n<meta name=\"robots\" content=\"index, follow, max-snippet:-1, max-image-preview:large, max-video-preview:-1\" \/>\n<link rel=\"canonical\" href=\"https:\/\/derpersonalist.com\/en\/4-tage-woche-geht-nicht-gibts-nicht\/\" \/>\n<meta property=\"og:locale\" content=\"en_US\" \/>\n<meta property=\"og:type\" content=\"article\" \/>\n<meta property=\"og:title\" content=\"4-Tage-Woche: Geht nicht gibt\u2019s nicht! - Der Personalist\" \/>\n<meta property=\"og:description\" content=\"Flexible Arbeitszeitmodelle \u2013 allen voran die 4-Tage-Woche \u2013 sind gefragt. Und sie funktionieren tats\u00e4chlich in jeder Branche. Auch in Ihrer!\" \/>\n<meta property=\"og:url\" content=\"https:\/\/derpersonalist.com\/en\/4-tage-woche-geht-nicht-gibts-nicht\/\" \/>\n<meta property=\"og:site_name\" content=\"Der Personalist\" \/>\n<meta property=\"article:published_time\" content=\"2023-01-19T07:58:30+00:00\" \/>\n<meta property=\"og:image\" content=\"https:\/\/derpersonalist.com\/wp-content\/uploads\/2023\/01\/4-Tage-Woche.jpg\" \/>\n\t<meta property=\"og:image:width\" content=\"1200\" \/>\n\t<meta property=\"og:image:height\" content=\"800\" \/>\n\t<meta property=\"og:image:type\" content=\"image\/jpeg\" \/>\n<meta name=\"author\" content=\"sam\" \/>\n<meta name=\"twitter:card\" content=\"summary_large_image\" \/>\n<meta name=\"twitter:label1\" content=\"Written by\" \/>\n\t<meta name=\"twitter:data1\" content=\"sam\" \/>\n\t<meta name=\"twitter:label2\" content=\"Est. reading time\" \/>\n\t<meta name=\"twitter:data2\" content=\"3 minutes\" \/>\n<script type=\"application\/ld+json\" class=\"yoast-schema-graph\">{\"@context\":\"https:\\\/\\\/schema.org\",\"@graph\":[{\"@type\":\"Article\",\"@id\":\"https:\\\/\\\/derpersonalist.com\\\/4-tage-woche-geht-nicht-gibts-nicht\\\/#article\",\"isPartOf\":{\"@id\":\"https:\\\/\\\/derpersonalist.com\\\/4-tage-woche-geht-nicht-gibts-nicht\\\/\"},\"author\":{\"name\":\"sam\",\"@id\":\"https:\\\/\\\/derpersonalist.com\\\/#\\\/schema\\\/person\\\/ed4ba6121a5ba6214e9fc7e7e6caf1e9\"},\"headline\":\"4-Tage-Woche: Geht nicht gibt\u2019s nicht!\",\"datePublished\":\"2023-01-19T07:58:30+00:00\",\"mainEntityOfPage\":{\"@id\":\"https:\\\/\\\/derpersonalist.com\\\/4-tage-woche-geht-nicht-gibts-nicht\\\/\"},\"wordCount\":554,\"publisher\":{\"@id\":\"https:\\\/\\\/derpersonalist.com\\\/#organization\"},\"image\":{\"@id\":\"https:\\\/\\\/derpersonalist.com\\\/4-tage-woche-geht-nicht-gibts-nicht\\\/#primaryimage\"},\"thumbnailUrl\":\"https:\\\/\\\/derpersonalist.com\\\/wp-content\\\/uploads\\\/2023\\\/01\\\/4-Tage-Woche.jpg\",\"articleSection\":[\"News &amp; Tipps\"],\"inLanguage\":\"en-US\"},{\"@type\":\"WebPage\",\"@id\":\"https:\\\/\\\/derpersonalist.com\\\/4-tage-woche-geht-nicht-gibts-nicht\\\/\",\"url\":\"https:\\\/\\\/derpersonalist.com\\\/4-tage-woche-geht-nicht-gibts-nicht\\\/\",\"name\":\"4-Tage-Woche: Geht nicht gibt\u2019s nicht! - Der Personalist\",\"isPartOf\":{\"@id\":\"https:\\\/\\\/derpersonalist.com\\\/#website\"},\"primaryImageOfPage\":{\"@id\":\"https:\\\/\\\/derpersonalist.com\\\/4-tage-woche-geht-nicht-gibts-nicht\\\/#primaryimage\"},\"image\":{\"@id\":\"https:\\\/\\\/derpersonalist.com\\\/4-tage-woche-geht-nicht-gibts-nicht\\\/#primaryimage\"},\"thumbnailUrl\":\"https:\\\/\\\/derpersonalist.com\\\/wp-content\\\/uploads\\\/2023\\\/01\\\/4-Tage-Woche.jpg\",\"datePublished\":\"2023-01-19T07:58:30+00:00\",\"description\":\"Flexible Arbeitszeitmodelle \u2013 allen voran die 4-Tage-Woche \u2013 sind gefragt. Und sie funktionieren tats\u00e4chlich in jeder Branche. Auch in Ihrer!\",\"breadcrumb\":{\"@id\":\"https:\\\/\\\/derpersonalist.com\\\/4-tage-woche-geht-nicht-gibts-nicht\\\/#breadcrumb\"},\"inLanguage\":\"en-US\",\"potentialAction\":[{\"@type\":\"ReadAction\",\"target\":[\"https:\\\/\\\/derpersonalist.com\\\/4-tage-woche-geht-nicht-gibts-nicht\\\/\"]}]},{\"@type\":\"ImageObject\",\"inLanguage\":\"en-US\",\"@id\":\"https:\\\/\\\/derpersonalist.com\\\/4-tage-woche-geht-nicht-gibts-nicht\\\/#primaryimage\",\"url\":\"https:\\\/\\\/derpersonalist.com\\\/wp-content\\\/uploads\\\/2023\\\/01\\\/4-Tage-Woche.jpg\",\"contentUrl\":\"https:\\\/\\\/derpersonalist.com\\\/wp-content\\\/uploads\\\/2023\\\/01\\\/4-Tage-Woche.jpg\",\"width\":1200,\"height\":800,\"caption\":\"4-Tage-Woche: Geht nicht gibt\u2019s nicht!\"},{\"@type\":\"BreadcrumbList\",\"@id\":\"https:\\\/\\\/derpersonalist.com\\\/4-tage-woche-geht-nicht-gibts-nicht\\\/#breadcrumb\",\"itemListElement\":[{\"@type\":\"ListItem\",\"position\":1,\"name\":\"Startseite\",\"item\":\"https:\\\/\\\/derpersonalist.com\\\/\"},{\"@type\":\"ListItem\",\"position\":2,\"name\":\"4-Tage-Woche: Geht nicht gibt\u2019s nicht!\"}]},{\"@type\":\"WebSite\",\"@id\":\"https:\\\/\\\/derpersonalist.com\\\/#website\",\"url\":\"https:\\\/\\\/derpersonalist.com\\\/\",\"name\":\"Der Personalist\",\"description\":\"Personalverwaltung und Lohnverrechnung\",\"publisher\":{\"@id\":\"https:\\\/\\\/derpersonalist.com\\\/#organization\"},\"potentialAction\":[{\"@type\":\"SearchAction\",\"target\":{\"@type\":\"EntryPoint\",\"urlTemplate\":\"https:\\\/\\\/derpersonalist.com\\\/?s={search_term_string}\"},\"query-input\":{\"@type\":\"PropertyValueSpecification\",\"valueRequired\":true,\"valueName\":\"search_term_string\"}}],\"inLanguage\":\"en-US\"},{\"@type\":\"Organization\",\"@id\":\"https:\\\/\\\/derpersonalist.com\\\/#organization\",\"name\":\"Der Personalist\",\"url\":\"https:\\\/\\\/derpersonalist.com\\\/\",\"logo\":{\"@type\":\"ImageObject\",\"inLanguage\":\"en-US\",\"@id\":\"https:\\\/\\\/derpersonalist.com\\\/#\\\/schema\\\/logo\\\/image\\\/\",\"url\":\"https:\\\/\\\/derpersonalist.com\\\/wp-content\\\/uploads\\\/2021\\\/08\\\/cropped-DerPersonalist_logo_neu.png\",\"contentUrl\":\"https:\\\/\\\/derpersonalist.com\\\/wp-content\\\/uploads\\\/2021\\\/08\\\/cropped-DerPersonalist_logo_neu.png\",\"width\":2560,\"height\":816,\"caption\":\"Der Personalist\"},\"image\":{\"@id\":\"https:\\\/\\\/derpersonalist.com\\\/#\\\/schema\\\/logo\\\/image\\\/\"}},{\"@type\":\"Person\",\"@id\":\"https:\\\/\\\/derpersonalist.com\\\/#\\\/schema\\\/person\\\/ed4ba6121a5ba6214e9fc7e7e6caf1e9\",\"name\":\"sam\",\"image\":{\"@type\":\"ImageObject\",\"inLanguage\":\"en-US\",\"@id\":\"https:\\\/\\\/secure.gravatar.com\\\/avatar\\\/b102f1739eedcd1788079be0a5f6a3a6d2bc3347075b428617ccf87831ac24b7?s=96&d=mm&r=g\",\"url\":\"https:\\\/\\\/secure.gravatar.com\\\/avatar\\\/b102f1739eedcd1788079be0a5f6a3a6d2bc3347075b428617ccf87831ac24b7?s=96&d=mm&r=g\",\"contentUrl\":\"https:\\\/\\\/secure.gravatar.com\\\/avatar\\\/b102f1739eedcd1788079be0a5f6a3a6d2bc3347075b428617ccf87831ac24b7?s=96&d=mm&r=g\",\"caption\":\"sam\"},\"url\":\"https:\\\/\\\/derpersonalist.com\\\/en\\\/author\\\/sam\\\/\"}]}<\/script>\n<!-- \/ Yoast SEO plugin. -->","yoast_head_json":{"title":"4-Tage-Woche: Geht nicht gibt\u2019s nicht! - Der Personalist","description":"Flexible Arbeitszeitmodelle \u2013 allen voran die 4-Tage-Woche \u2013 sind gefragt. Und sie funktionieren tats\u00e4chlich in jeder Branche. Auch in Ihrer!","robots":{"index":"index","follow":"follow","max-snippet":"max-snippet:-1","max-image-preview":"max-image-preview:large","max-video-preview":"max-video-preview:-1"},"canonical":"https:\/\/derpersonalist.com\/en\/4-tage-woche-geht-nicht-gibts-nicht\/","og_locale":"en_US","og_type":"article","og_title":"4-Tage-Woche: Geht nicht gibt\u2019s nicht! - Der Personalist","og_description":"Flexible Arbeitszeitmodelle \u2013 allen voran die 4-Tage-Woche \u2013 sind gefragt. Und sie funktionieren tats\u00e4chlich in jeder Branche. Auch in Ihrer!","og_url":"https:\/\/derpersonalist.com\/en\/4-tage-woche-geht-nicht-gibts-nicht\/","og_site_name":"Der Personalist","article_published_time":"2023-01-19T07:58:30+00:00","og_image":[{"width":1200,"height":800,"url":"https:\/\/derpersonalist.com\/wp-content\/uploads\/2023\/01\/4-Tage-Woche.jpg","type":"image\/jpeg"}],"author":"sam","twitter_card":"summary_large_image","twitter_misc":{"Written by":"sam","Est. reading time":"3 minutes"},"schema":{"@context":"https:\/\/schema.org","@graph":[{"@type":"Article","@id":"https:\/\/derpersonalist.com\/4-tage-woche-geht-nicht-gibts-nicht\/#article","isPartOf":{"@id":"https:\/\/derpersonalist.com\/4-tage-woche-geht-nicht-gibts-nicht\/"},"author":{"name":"sam","@id":"https:\/\/derpersonalist.com\/#\/schema\/person\/ed4ba6121a5ba6214e9fc7e7e6caf1e9"},"headline":"4-Tage-Woche: Geht nicht gibt\u2019s nicht!","datePublished":"2023-01-19T07:58:30+00:00","mainEntityOfPage":{"@id":"https:\/\/derpersonalist.com\/4-tage-woche-geht-nicht-gibts-nicht\/"},"wordCount":554,"publisher":{"@id":"https:\/\/derpersonalist.com\/#organization"},"image":{"@id":"https:\/\/derpersonalist.com\/4-tage-woche-geht-nicht-gibts-nicht\/#primaryimage"},"thumbnailUrl":"https:\/\/derpersonalist.com\/wp-content\/uploads\/2023\/01\/4-Tage-Woche.jpg","articleSection":["News &amp; Tipps"],"inLanguage":"en-US"},{"@type":"WebPage","@id":"https:\/\/derpersonalist.com\/4-tage-woche-geht-nicht-gibts-nicht\/","url":"https:\/\/derpersonalist.com\/4-tage-woche-geht-nicht-gibts-nicht\/","name":"4-Tage-Woche: Geht nicht gibt\u2019s nicht! - Der Personalist","isPartOf":{"@id":"https:\/\/derpersonalist.com\/#website"},"primaryImageOfPage":{"@id":"https:\/\/derpersonalist.com\/4-tage-woche-geht-nicht-gibts-nicht\/#primaryimage"},"image":{"@id":"https:\/\/derpersonalist.com\/4-tage-woche-geht-nicht-gibts-nicht\/#primaryimage"},"thumbnailUrl":"https:\/\/derpersonalist.com\/wp-content\/uploads\/2023\/01\/4-Tage-Woche.jpg","datePublished":"2023-01-19T07:58:30+00:00","description":"Flexible Arbeitszeitmodelle \u2013 allen voran die 4-Tage-Woche \u2013 sind gefragt. Und sie funktionieren tats\u00e4chlich in jeder Branche. Auch in Ihrer!","breadcrumb":{"@id":"https:\/\/derpersonalist.com\/4-tage-woche-geht-nicht-gibts-nicht\/#breadcrumb"},"inLanguage":"en-US","potentialAction":[{"@type":"ReadAction","target":["https:\/\/derpersonalist.com\/4-tage-woche-geht-nicht-gibts-nicht\/"]}]},{"@type":"ImageObject","inLanguage":"en-US","@id":"https:\/\/derpersonalist.com\/4-tage-woche-geht-nicht-gibts-nicht\/#primaryimage","url":"https:\/\/derpersonalist.com\/wp-content\/uploads\/2023\/01\/4-Tage-Woche.jpg","contentUrl":"https:\/\/derpersonalist.com\/wp-content\/uploads\/2023\/01\/4-Tage-Woche.jpg","width":1200,"height":800,"caption":"4-Tage-Woche: Geht nicht gibt\u2019s nicht!"},{"@type":"BreadcrumbList","@id":"https:\/\/derpersonalist.com\/4-tage-woche-geht-nicht-gibts-nicht\/#breadcrumb","itemListElement":[{"@type":"ListItem","position":1,"name":"Startseite","item":"https:\/\/derpersonalist.com\/"},{"@type":"ListItem","position":2,"name":"4-Tage-Woche: Geht nicht gibt\u2019s nicht!"}]},{"@type":"WebSite","@id":"https:\/\/derpersonalist.com\/#website","url":"https:\/\/derpersonalist.com\/","name":"Der Personalist","description":"Human resources management and payroll","publisher":{"@id":"https:\/\/derpersonalist.com\/#organization"},"potentialAction":[{"@type":"SearchAction","target":{"@type":"EntryPoint","urlTemplate":"https:\/\/derpersonalist.com\/?s={search_term_string}"},"query-input":{"@type":"PropertyValueSpecification","valueRequired":true,"valueName":"search_term_string"}}],"inLanguage":"en-US"},{"@type":"Organization","@id":"https:\/\/derpersonalist.com\/#organization","name":"Der Personalist","url":"https:\/\/derpersonalist.com\/","logo":{"@type":"ImageObject","inLanguage":"en-US","@id":"https:\/\/derpersonalist.com\/#\/schema\/logo\/image\/","url":"https:\/\/derpersonalist.com\/wp-content\/uploads\/2021\/08\/cropped-DerPersonalist_logo_neu.png","contentUrl":"https:\/\/derpersonalist.com\/wp-content\/uploads\/2021\/08\/cropped-DerPersonalist_logo_neu.png","width":2560,"height":816,"caption":"Der Personalist"},"image":{"@id":"https:\/\/derpersonalist.com\/#\/schema\/logo\/image\/"}},{"@type":"Person","@id":"https:\/\/derpersonalist.com\/#\/schema\/person\/ed4ba6121a5ba6214e9fc7e7e6caf1e9","name":"sam","image":{"@type":"ImageObject","inLanguage":"en-US","@id":"https:\/\/secure.gravatar.com\/avatar\/b102f1739eedcd1788079be0a5f6a3a6d2bc3347075b428617ccf87831ac24b7?s=96&d=mm&r=g","url":"https:\/\/secure.gravatar.com\/avatar\/b102f1739eedcd1788079be0a5f6a3a6d2bc3347075b428617ccf87831ac24b7?s=96&d=mm&r=g","contentUrl":"https:\/\/secure.gravatar.com\/avatar\/b102f1739eedcd1788079be0a5f6a3a6d2bc3347075b428617ccf87831ac24b7?s=96&d=mm&r=g","caption":"sam"},"url":"https:\/\/derpersonalist.com\/en\/author\/sam\/"}]}},"_links":{"self":[{"href":"https:\/\/derpersonalist.com\/en\/wp-json\/wp\/v2\/posts\/1314","targetHints":{"allow":["GET"]}}],"collection":[{"href":"https:\/\/derpersonalist.com\/en\/wp-json\/wp\/v2\/posts"}],"about":[{"href":"https:\/\/derpersonalist.com\/en\/wp-json\/wp\/v2\/types\/post"}],"author":[{"embeddable":true,"href":"https:\/\/derpersonalist.com\/en\/wp-json\/wp\/v2\/users\/2"}],"replies":[{"embeddable":true,"href":"https:\/\/derpersonalist.com\/en\/wp-json\/wp\/v2\/comments?post=1314"}],"version-history":[{"count":0,"href":"https:\/\/derpersonalist.com\/en\/wp-json\/wp\/v2\/posts\/1314\/revisions"}],"wp:featuredmedia":[{"embeddable":true,"href":"https:\/\/derpersonalist.com\/en\/wp-json\/wp\/v2\/media\/1315"}],"wp:attachment":[{"href":"https:\/\/derpersonalist.com\/en\/wp-json\/wp\/v2\/media?parent=1314"}],"wp:term":[{"taxonomy":"category","embeddable":true,"href":"https:\/\/derpersonalist.com\/en\/wp-json\/wp\/v2\/categories?post=1314"},{"taxonomy":"post_tag","embeddable":true,"href":"https:\/\/derpersonalist.com\/en\/wp-json\/wp\/v2\/tags?post=1314"}],"curies":[{"name":"wp","href":"https:\/\/api.w.org\/{rel}","templated":true}]}}